[{"@context":"https:\/\/schema.org\/","@type":"Article","@id":"https:\/\/www.papko.cz\/manzel-si-nezada-s-tchorem\/#Article","mainEntityOfPage":"https:\/\/www.papko.cz\/manzel-si-nezada-s-tchorem\/","headline":"Man\u017eel si nezad\u00e1 s tcho\u0159em","name":"Man\u017eel si nezad\u00e1 s tcho\u0159em","description":"Jakmile v\u00e1\u0161 man\u017eel pou\u017eije po r\u00e1nu va\u0161i domovn\u00ed toaletu, tak se tam p\u0159\u00ed\u0161t\u00ed hodinu ned\u00e1 d\u00fdchat. Bohu\u017eel, je to v\u017edy zrovna v dob\u011b, kdy se cel\u00e1 va\u0161e rodina chyst\u00e1 do pr\u00e1ce anebo do \u0161koly, tud\u00ed\u017e je to ta nejm\u00e9n\u011b vhodn\u00e1 doba, kterou si m\u016f\u017ee v pr\u016fb\u011bhu dne zvolit. I kdy\u017e ch\u00e1pete, \u017ee sv\u00e9 vnit\u0159n\u00ed pochody [&hellip;]","datePublished":"2025-04-28","dateModified":"2025-04-28","author":{"@type":"Person","@id":"https:\/\/www.papko.cz\/author\/#Person","name":"","url":"https:\/\/www.papko.cz\/author\/","identifier":1,"image":{"@type":"ImageObject","@id":"https:\/\/secure.gravatar.com\/avatar\/f2ab007ed309e3d84abcf4139c5580b2bc94c721f9294eeb027f25de56e0a35e?s=96&d=mm&r=g","url":"https:\/\/secure.gravatar.com\/avatar\/f2ab007ed309e3d84abcf4139c5580b2bc94c721f9294eeb027f25de56e0a35e?s=96&d=mm&r=g","height":96,"width":96}},"publisher":{"@type":"Organization","name":"papko.cz","logo":{"@type":"ImageObject","@id":"\/logo.png","url":"\/logo.png","width":600,"height":60}},"url":"https:\/\/www.papko.cz\/manzel-si-nezada-s-tchorem\/","wordCount":237,"articleBody":" Jakmile v\u00e1\u0161 man\u017eel pou\u017eije po r\u00e1nu va\u0161i domovn\u00ed toaletu, tak se tam p\u0159\u00ed\u0161t\u00ed hodinu ned\u00e1 d\u00fdchat. Bohu\u017eel, je to v\u017edy zrovna v dob\u011b, kdy se cel\u00e1 va\u0161e rodina chyst\u00e1 do pr\u00e1ce anebo do \u0161koly, tud\u00ed\u017e je to ta nejm\u00e9n\u011b vhodn\u00e1 doba, kterou si m\u016f\u017ee v pr\u016fb\u011bhu dne zvolit. I kdy\u017e ch\u00e1pete, \u017ee sv\u00e9 vnit\u0159n\u00ed pochody si \u010dlov\u011bk nevyb\u00edr\u00e1 a nem\u016f\u017ee si je na\u010dasovat tak, jak by se to jemu a ostatn\u00edm v dom\u011b l\u00edbilo. Jen\u017ee probl\u00e9m je v tom, \u017ee ani kdy\u017e po vykon\u00e1n\u00ed pot\u0159eby man\u017eel naplno otev\u0159e okno, tak to situaci p\u0159\u00edli\u0161 nezlep\u0161\u00ed. Mus\u00edte to okam\u017eit\u011b \u0159e\u0161it A nejhor\u0161\u00ed na tom v\u0161em je, \u017ee m\u00e1te toaletu spojenou s koupelnou. Pokud byste se dnes m\u011bla znovu rozhodovat o tom, jak\u00e9 budou dispozice va\u0161eho domu, tak byste n\u011bco takov\u00e9ho u\u017e nikdy nep\u0159ipustila. Je to toti\u017e neskute\u010dn\u00e1 hloupost, nebo\u0165 ti, kte\u0159\u00ed pot\u0159ebuj\u00ed j\u00edt na toaletu neust\u00e1le blokuj\u00ed ty, kte\u0159\u00ed se pot\u0159ebuj\u00ed j\u00edt osprchovat anebo upravit a naopak. No a dal\u0161\u00ed komplikac\u00ed jsou pr\u00e1v\u011b ty r\u016fznorod\u00e9 z\u00e1pachy, kter\u00e9 v t\u011bchto m\u00edstnostech pravideln\u011b vznikaj\u00ed. Budete si muset po\u0159\u00eddit ventil\u00e1tor do koupelny, nebo\u0165 va\u0161e situace u\u017e je ne\u00fanosn\u00e1.                                                                                                                                                                                                                                                                                                                                                                                                "},{"@context":"https:\/\/schema.org\/","@type":"BreadcrumbList","itemListElement":[{"@type":"ListItem","position":1,"name":"Man\u017eel si nezad\u00e1 s tcho\u0159em","item":"https:\/\/www.papko.cz\/manzel-si-nezada-s-tchorem\/#breadcrumbitem"}]}]