[{"@context":"https:\/\/schema.org\/","@type":"Article","@id":"https:\/\/www.papko.cz\/mit-se-stale-na-co-tesit-je-velmi-dulezite\/#Article","mainEntityOfPage":"https:\/\/www.papko.cz\/mit-se-stale-na-co-tesit-je-velmi-dulezite\/","headline":"M\u00edt se st\u00e1le na co t\u011b\u0161it je velmi d\u016fle\u017eit\u00e9","name":"M\u00edt se st\u00e1le na co t\u011b\u0161it je velmi d\u016fle\u017eit\u00e9","description":"Ne\u017e se nad\u011bjete, pololetn\u00ed vysv\u011bd\u010den\u00ed bude zapomenuto a za\u010dne se p\u0159ipravovat vysv\u011bd\u010den\u00ed z\u00e1v\u011bre\u010dn\u00e9, po n\u011bm\u017e budou v\u0161echny \u0161kolou povinn\u00e9, tedy \u017e\u00e1ky i pan\u00ed a p\u00e1ny u\u010ditele, \u010dekat cel\u00e9 dva roky, vlastn\u011b pardon, pouh\u00e9 dva m\u011bs\u00edce pr\u00e1zdnin. Ach jo, ach jo, povzdychnou si mnoz\u00ed z v\u00e1s. V\u017edy\u0165 je to je\u0161t\u011b tak daleko. A proto je pot\u0159eba [&hellip;]","datePublished":"2024-10-19","dateModified":"2024-10-19","author":{"@type":"Person","@id":"https:\/\/www.papko.cz\/author\/#Person","name":"","url":"https:\/\/www.papko.cz\/author\/","identifier":1,"image":{"@type":"ImageObject","@id":"https:\/\/secure.gravatar.com\/avatar\/f2ab007ed309e3d84abcf4139c5580b2bc94c721f9294eeb027f25de56e0a35e?s=96&d=mm&r=g","url":"https:\/\/secure.gravatar.com\/avatar\/f2ab007ed309e3d84abcf4139c5580b2bc94c721f9294eeb027f25de56e0a35e?s=96&d=mm&r=g","height":96,"width":96}},"publisher":{"@type":"Organization","name":"papko.cz","logo":{"@type":"ImageObject","@id":"\/logo.png","url":"\/logo.png","width":600,"height":60}},"url":"https:\/\/www.papko.cz\/mit-se-stale-na-co-tesit-je-velmi-dulezite\/","wordCount":226,"articleBody":"Ne\u017e se nad\u011bjete, pololetn\u00ed vysv\u011bd\u010den\u00ed bude zapomenuto a za\u010dne se p\u0159ipravovat vysv\u011bd\u010den\u00ed z\u00e1v\u011bre\u010dn\u00e9, po n\u011bm\u017e budou v\u0161echny \u0161kolou povinn\u00e9, tedy \u017e\u00e1ky i pan\u00ed a p\u00e1ny u\u010ditele, \u010dekat cel\u00e9 dva roky, vlastn\u011b pardon, pouh\u00e9 dva m\u011bs\u00edce pr\u00e1zdnin. Ach jo, ach jo, povzdychnou si mnoz\u00ed z v\u00e1s. V\u017edy\u0165 je to je\u0161t\u011b tak daleko. A proto je pot\u0159eba se za\u010d\u00edt t\u011b\u0161it na n\u011bco, co prob\u011bhne mo\u017en\u00e1 u\u017e v pr\u016fb\u011bhu m\u011bs\u00edce kv\u011btna, nejpozd\u011bji v \u010dervnu. Ano, spr\u00e1vn\u011b. Jedn\u00e1 se o \u0161koln\u00ed v\u00fdlet, kter\u00fd by se letos mohl odehr\u00e1vat pon\u011bkud netradi\u010dn\u011b.P\u0159ekvapen\u00ed v podob\u011b bonusuDovolte, abych v\u00e1m p\u0159edstavila spole\u010dnost RIKITAN , kter\u00e1 pro v\u00e1s p\u0159ipravila \u0161koln\u00ed v\u00fdlety se spoustou z\u00e1bavy, her a sout\u011b\u017e\u00ed, ale samoz\u0159ejm\u011b i pozn\u00e1n\u00ed a nov\u00fdch informac\u00ed. Aktivity d\u011bt\u00ed jsou velmi promy\u0161len\u011b uzp\u016fsobeny jednotliv\u00fdm v\u011bkov\u00fdm kategori\u00edm, co\u017e zaru\u010duje, \u017ee se d\u011bti budou skv\u011ble bavit a budou ochotn\u00e9 spolupracovat. Pro v\u00e1s, jako pedagogy, je jako bonus p\u0159ipraveno n\u011bco nev\u00eddan\u00e9ho &#8211; o nic se nebudete muset starat, nic nebudete muset organizovat a dokonce ani nic nebudete muset platit!                                                                                                                                                                                                                                                                                                                                                                                                "},{"@context":"https:\/\/schema.org\/","@type":"BreadcrumbList","itemListElement":[{"@type":"ListItem","position":1,"name":"M\u00edt se st\u00e1le na co t\u011b\u0161it je velmi d\u016fle\u017eit\u00e9","item":"https:\/\/www.papko.cz\/mit-se-stale-na-co-tesit-je-velmi-dulezite\/#breadcrumbitem"}]}]