[{"@context":"https:\/\/schema.org\/","@type":"Article","@id":"https:\/\/www.papko.cz\/netradicni-elektro\/#Article","mainEntityOfPage":"https:\/\/www.papko.cz\/netradicni-elektro\/","headline":"Netradi\u010dn\u00ed elektro","name":"Netradi\u010dn\u00ed elektro","description":"Kdy\u017e m\u00e1 \u010dlov\u011bk na sv\u016fj domov vysok\u00e9 n\u00e1roky, kdy\u017e chce, aby mu tam ladilo v\u0161e a\u017e do posledn\u00edho punt\u00edku, nejsp\u00ed\u0161e d\u0159\u00edve \u010di pozd\u011bji zjist\u00ed, \u017ee nesta\u010d\u00ed jenom sehnat vhodn\u00fd n\u00e1bytek a n\u011bco, \u010d\u00edm by se jeho p\u0159ihr\u00e1dky zaplnily, a \u017ee to nen\u00ed a\u017e tak docela dokonal\u00e9 ani ve chv\u00edli, kdy je na podlaze polo\u017een t\u0159eba [&hellip;]","datePublished":"2019-03-04","dateModified":"2023-05-02","author":{"@type":"Person","@id":"https:\/\/www.papko.cz\/author\/#Person","name":"","url":"https:\/\/www.papko.cz\/author\/","identifier":1,"image":{"@type":"ImageObject","@id":"https:\/\/secure.gravatar.com\/avatar\/f2ab007ed309e3d84abcf4139c5580b2bc94c721f9294eeb027f25de56e0a35e?s=96&d=mm&r=g","url":"https:\/\/secure.gravatar.com\/avatar\/f2ab007ed309e3d84abcf4139c5580b2bc94c721f9294eeb027f25de56e0a35e?s=96&d=mm&r=g","height":96,"width":96}},"publisher":{"@type":"Organization","name":"papko.cz","logo":{"@type":"ImageObject","@id":"\/logo.png","url":"\/logo.png","width":600,"height":60}},"image":{"@type":"ImageObject","@id":"https:\/\/www.papko.cz\/wp-content\/uploads\/img_a339455_w1978_t1552731117.png","url":"https:\/\/www.papko.cz\/wp-content\/uploads\/img_a339455_w1978_t1552731117.png","height":0,"width":0},"url":"https:\/\/www.papko.cz\/netradicni-elektro\/","wordCount":502,"articleBody":"Kdy\u017e m\u00e1 \u010dlov\u011bk na sv\u016fj domov vysok\u00e9 n\u00e1roky, kdy\u017e chce, aby mu tam ladilo v\u0161e a\u017e do posledn\u00edho punt\u00edku, nejsp\u00ed\u0161e d\u0159\u00edve \u010di pozd\u011bji zjist\u00ed, \u017ee nesta\u010d\u00ed jenom sehnat vhodn\u00fd n\u00e1bytek a n\u011bco, \u010d\u00edm by se jeho p\u0159ihr\u00e1dky zaplnily, a \u017ee to nen\u00ed a\u017e tak docela dokonal\u00e9 ani ve chv\u00edli, kdy je na podlaze polo\u017een t\u0159eba ten nejlep\u0161\u00ed z koberc\u016f a v\u0161e je oz\u00e1\u0159eno sv\u011btlem toho nejdokonalej\u0161\u00edho osv\u011btlen\u00ed. Proto\u017ee ani v\u0161e zm\u00edn\u011bn\u00e9 je\u0161t\u011b nen\u00ed \u00faplnou te\u010dkou. Nejednou m\u00e1 toti\u017e i skv\u011ble vybaven\u00fd d\u016fm \u010di byt vadu na kr\u00e1se, spo\u010d\u00edvaj\u00edc\u00ed i v takov\u00fdch zd\u00e1nliv\u011b ban\u00e1ln\u00edch mali\u010dkostech, jako je elektroinstalace. Tedy vyp\u00edna\u010de a z\u00e1suvky. Proto\u017ee zn\u00e1te tradi\u010dn\u00ed verze t\u011bchto za\u0159\u00edzen\u00ed, \u017ee? Jist\u011b, b\u00fdvaj\u00ed vesm\u011bs funk\u010dn\u00ed, ale \u017ee by byly zrovna i n\u011bjak mimo\u0159\u00e1dn\u011b esteticky na v\u00fd\u0161i, o tom se rozhodn\u011b mluvit ned\u00e1. Jde p\u0159ece nejednou i o exempl\u00e1\u0159e pamatuj\u00edc\u00ed doby, kdy na trhu nebyl dostatek a tud\u00ed\u017e sta\u010dilo, aby plnily sv\u016fj \u00fa\u010del, a lid\u00e9 je ochotn\u011b kupovali, jen aby n\u011bjak\u00e9 m\u011bli. Zat\u00edmco dnes u\u017e je p\u0159ece jenom jin\u00e1 doba a ta si \u017e\u00e1d\u00e1 i n\u011bco lep\u0161\u00edho. A pr\u00e1v\u011b , pr\u00e1v\u011b z nab\u00eddky Schneider electric unica se d\u00e1 dlouho vyb\u00edrat a \u010dlov\u011bk si m\u016f\u017ee b\u00fdt jist t\u00edm, \u017ee se\u017eene p\u0159esn\u011b to nejlep\u0161\u00ed, co pot\u0159ebuje. A to vlastn\u011b nejen do sv\u00e9 dom\u00e1cnosti, ale klidn\u011b i do exteri\u00e9r\u016f. Tato vysoce modul\u00e1rn\u00ed \u0159ada lad\u00ed v\u00edce ne\u017e dokonale s libovoln\u00fdm designem bytu a je nav\u00edc kvalitn\u00ed, tak\u017ee nen\u00ed nikoho, kdo by musel odej\u00edt z n\u00e1kupu s nepo\u0159\u00edzenou. A vzhledem k cen\u00e1m nehroz\u00ed vlastn\u011b ani to, \u017ee by n\u011bkdo musel koupi pr\u00e1v\u011b tohoto sortimentu o\u017eelet s t\u00edm, \u017ee na to nem\u00e1. Proto\u017ee na to m\u00e1 snad ka\u017ed\u00fd, nejedn\u00e1 se o nic p\u0159edra\u017een\u00e9ho. V\u00fdhodou t\u011bchto za\u0159\u00edzen\u00ed t\u00e9to zna\u010dky je, \u017ee: &#8211; Maj\u00ed jednotn\u00e9 modul\u00e1rn\u00ed strojky pro prakticky celou \u0159adu schneider electric unica, tedy pro unica colors, plus, quadro a top, tyto jsou pln\u011b funk\u010dn\u00ed a rozli\u0161uj\u00ed se pouze na moduly. &#8211; Maj\u00ed \u0161irokou nab\u00eddku barev, a tud\u00ed\u017e lze zvolit libovolnou vhodnou kombinaci pro ten kter\u00fd prostor. Lze volit i vym\u011bniteln\u00fd r\u00e1me\u010dek, jeho\u017e v\u00fdm\u011bna trv\u00e1 p\u00e1r minut a r\u00e1zem se tak lze p\u0159izp\u016fsobit zm\u011bn\u00e1m v\u0161eho kolem. &#8211; Maj\u00ed i r\u016fzn\u00fd design, tak\u017ee lze se stejn\u00fdm strojkem libovoln\u011b m\u011bnit nejen barvu, ale i vzhled. A tak m\u016f\u017ee b\u00fdt kter\u00fdkoliv prostor dokonal\u00fd. Do nejmen\u0161\u00edch detail\u016f. I do takov\u00fdch, jako jsou vyp\u00edna\u010de a z\u00e1suvky.                                                                                                                                                                                                                                                                                                                                                                                                "},{"@context":"https:\/\/schema.org\/","@type":"BreadcrumbList","itemListElement":[{"@type":"ListItem","position":1,"name":"Netradi\u010dn\u00ed elektro","item":"https:\/\/www.papko.cz\/netradicni-elektro\/#breadcrumbitem"}]}]