[{"@context":"https:\/\/schema.org\/","@type":"Article","@id":"https:\/\/www.papko.cz\/susene-ovoce-mrazem\/#Article","mainEntityOfPage":"https:\/\/www.papko.cz\/susene-ovoce-mrazem\/","headline":"Su\u0161en\u00e9 ovoce mrazem","name":"Su\u0161en\u00e9 ovoce mrazem","description":"Jestli\u017ee je n\u011bco, po \u010dem je v obchodech velk\u00e1 popt\u00e1vka, pak je to po ovoci, kter\u00e9 se upravuje su\u0161en\u00edm. Nen\u00ed se tak\u00e9 \u010demu divit, jeliko\u017e chutn\u00e1 naprosto skv\u011ble. Pokud je je\u0161t\u011b nav\u00edc su\u0161en\u00e9 pomoc\u00ed mrazu, pak chutn\u00e1 je\u0161t\u011b mnohem l\u00e9pe. Tento zp\u016fsob je pova\u017eov\u00e1n za novinku, kter\u00e1 si ihned z\u00edskala na popularit\u011b. Rozhodn\u011b se nesm\u00edme [&hellip;]","datePublished":"2019-08-26","dateModified":"2023-05-02","author":{"@type":"Person","@id":"https:\/\/www.papko.cz\/author\/#Person","name":"","url":"https:\/\/www.papko.cz\/author\/","identifier":1,"image":{"@type":"ImageObject","@id":"https:\/\/secure.gravatar.com\/avatar\/f2ab007ed309e3d84abcf4139c5580b2bc94c721f9294eeb027f25de56e0a35e?s=96&d=mm&r=g","url":"https:\/\/secure.gravatar.com\/avatar\/f2ab007ed309e3d84abcf4139c5580b2bc94c721f9294eeb027f25de56e0a35e?s=96&d=mm&r=g","height":96,"width":96}},"publisher":{"@type":"Organization","name":"papko.cz","logo":{"@type":"ImageObject","@id":"\/logo.png","url":"\/logo.png","width":600,"height":60}},"image":{"@type":"ImageObject","@id":"https:\/\/www.papko.cz\/wp-content\/uploads\/img_a366084_w1784_t1578651255.jpg","url":"https:\/\/www.papko.cz\/wp-content\/uploads\/img_a366084_w1784_t1578651255.jpg","height":0,"width":0},"url":"https:\/\/www.papko.cz\/susene-ovoce-mrazem\/","about":["N\u00e1kupy"],"wordCount":399,"articleBody":"       Jestli\u017ee je n\u011bco, po \u010dem je v obchodech velk\u00e1 popt\u00e1vka, pak je to po ovoci, kter\u00e9 se upravuje su\u0161en\u00edm. Nen\u00ed se tak\u00e9 \u010demu divit, jeliko\u017e chutn\u00e1 naprosto skv\u011ble. Pokud je je\u0161t\u011b nav\u00edc su\u0161en\u00e9 pomoc\u00ed mrazu, pak chutn\u00e1 je\u0161t\u011b mnohem l\u00e9pe. Tento zp\u016fsob je pova\u017eov\u00e1n za novinku, kter\u00e1 si ihned z\u00edskala na popularit\u011b. Rozhodn\u011b se nesm\u00edme divit, proto\u017ee pr\u00e1v\u011b d\u00edky mrazu z\u016fst\u00e1v\u00e1 v ovoci v\u0161e, co se v n\u011bm kdy nach\u00e1zelo.Su\u0161en\u00e9 ovoce mrazem https:\/\/www.nakliceno.cz\/susene-ovoce-a-zelenina-lyofilizovane&#8211;susene-mrazem-\/m\u00e1 rozhodn\u011b sv\u00e9 pozitivn\u00ed, ale i negativn\u00ed str\u00e1nky. Pokud byste si jej cht\u011bli zakoupit i vy, pak m\u00e1te ur\u010dit\u011b mo\u017enost. Takov\u00e9 ovoce toti\u017e najdete ve spoust\u011b obchodech. Dalo by se \u0159\u00edct, \u017ee mrazit by se dalo v dne\u0161n\u00ed dob\u011b pomalu v\u0161e, na co si jen vzpomenete. Je ale pot\u0159eba, aby dan\u00e1 potravina obsahovala vodu. Mrazem se ale v dne\u0161n\u00ed dob\u011b nesu\u0161\u00ed pouze j\u00eddlo, jak by si n\u011bkte\u0159\u00ed mohli myslet. Su\u0161it se d\u00e1 dokonce i kv\u011btina nebo bakterie. Proces su\u0161en\u00ed nen\u00ed ale tak \u00fapln\u011b jednoduch\u00fd. M\u00e1 nav\u00edc hned n\u011bkolik krok\u016f, kter\u00e9 je pot\u0159eba dodr\u017eet. Tento zp\u016fsob vznikl ji\u017e v minul\u00e9m stolet\u00ed, ale ve velk\u00e9m se za\u010dal pou\u017e\u00edvat opravdu teprve ned\u00e1vno. Pokud byste se zeptali, pro\u010d tomu tak je, pravd\u011bpodobn\u011b v\u00e1m na to nikdo ned\u00e1 odpov\u011b\u010f. Jestli je n\u011bco, co je rozhodn\u011b velkou v\u00fdhodou, pak je to dostupnost a tak\u00e9 hmotnost. Nev\u00fdhodou ale m\u016f\u017ee b\u00fdt pro n\u011bkter\u00e9 cena, kter\u00e1 neb\u00fdv\u00e1 zrovna nejni\u017e\u0161\u00ed. Pokud pat\u0159\u00edte mezi vyznava\u010de stravy, kter\u00e9 se p\u0159ezd\u00edv\u00e1 raw, pak si i vy p\u0159ijdete na sv\u00e9. D\u00e1vejte si ale velk\u00fd pozor na to, abyste omylem nedostali do va\u0161eho nosu pr\u00e1\u0161ek z ovoce, jeliko\u017e je to opravdu nep\u0159\u00edjemn\u00e9 a st\u00e1t se to m\u016f\u017ee skute\u010dn\u011b ka\u017ed\u00e9mu. Pamatujte, \u017ee byste m\u011bli j\u00edst pomalinku. Pokud se chcete p\u0159idat k t\u011bm, kte\u0159\u00ed si budou rad\u011bji dop\u0159\u00e1vat pochutiny, kter\u00e9 krom\u011b toho, \u017ee jsou lehk\u00e9, jsou tak\u00e9 zdrav\u00ed prosp\u011b\u0161n\u00e9, pak v\u00e1m su\u0161en\u00e9 ovoce mrazem rozhodn\u011b doporu\u010dujeme. V\u011b\u0159\u00edme, \u017ee si ho stejn\u011b jako my zamilujete.                                                                                                                                                                                                                                                                                                                                                                                                  "},{"@context":"https:\/\/schema.org\/","@type":"BreadcrumbList","itemListElement":[{"@type":"ListItem","position":1,"name":"Su\u0161en\u00e9 ovoce mrazem","item":"https:\/\/www.papko.cz\/susene-ovoce-mrazem\/#breadcrumbitem"}]}]