[{"@context":"https:\/\/schema.org\/","@type":"Article","@id":"https:\/\/www.papko.cz\/tretry-pro-cyklisty-profesionaly\/#Article","mainEntityOfPage":"https:\/\/www.papko.cz\/tretry-pro-cyklisty-profesionaly\/","headline":"Tretry pro cyklisty profesion\u00e1ly","name":"Tretry pro cyklisty profesion\u00e1ly","description":"Pokud se zab\u00fdv\u00e1te cyklistikou na vy\u0161\u0161\u00ed, anebo dokonce u\u017e profesion\u00e1ln\u00ed \u00farovni, tak ur\u010dit\u011b ocen\u00edte, \u017ee jsou na trhu kvalitn\u00ed, modern\u00ed, nad\u010dasov\u00e9 a cenov\u011b dostupn\u00e9 silni\u010dn\u00ed tretry. M\u016f\u017eete si je toti\u017e po\u0159\u00eddit a u\u017e\u00edvat si cyklistiku je\u0161t\u011b v\u00edce, ne\u017e do te\u010f. Budete se do toho moci je\u0161t\u011b v\u00edce op\u0159\u00edt, proto\u017ee va\u0161e kolena budou \u0161et\u0159en\u00e1, budete m\u00edt [&hellip;]","datePublished":"2023-10-31","dateModified":"2023-10-31","author":{"@type":"Person","@id":"https:\/\/www.papko.cz\/author\/#Person","name":"","url":"https:\/\/www.papko.cz\/author\/","identifier":1,"image":{"@type":"ImageObject","@id":"https:\/\/secure.gravatar.com\/avatar\/f2ab007ed309e3d84abcf4139c5580b2bc94c721f9294eeb027f25de56e0a35e?s=96&d=mm&r=g","url":"https:\/\/secure.gravatar.com\/avatar\/f2ab007ed309e3d84abcf4139c5580b2bc94c721f9294eeb027f25de56e0a35e?s=96&d=mm&r=g","height":96,"width":96}},"publisher":{"@type":"Organization","name":"papko.cz","logo":{"@type":"ImageObject","@id":"\/logo.png","url":"\/logo.png","width":600,"height":60}},"url":"https:\/\/www.papko.cz\/tretry-pro-cyklisty-profesionaly\/","wordCount":249,"articleBody":"Pokud se zab\u00fdv\u00e1te cyklistikou na vy\u0161\u0161\u00ed, anebo dokonce u\u017e profesion\u00e1ln\u00ed \u00farovni, tak ur\u010dit\u011b ocen\u00edte, \u017ee jsou na trhu kvalitn\u00ed, modern\u00ed, nad\u010dasov\u00e9 a cenov\u011b dostupn\u00e9 silni\u010dn\u00ed tretry. M\u016f\u017eete si je toti\u017e po\u0159\u00eddit a u\u017e\u00edvat si cyklistiku je\u0161t\u011b v\u00edce, ne\u017e do te\u010f. Budete se do toho moci je\u0161t\u011b v\u00edce op\u0159\u00edt, proto\u017ee va\u0161e kolena budou \u0161et\u0159en\u00e1, budete m\u00edt v\u011bt\u0161\u00ed s\u00edlu v ped\u00e1lech a budete m\u00edt tak\u00e9 povzbuzenou srde\u010dn\u00ed frekvenci. Jestli\u017ee m\u00e1te r\u00e1di sportov\u00e1n\u00ed a chcete se mu v\u011bnovat hloub\u011bji, tak je spr\u00e1vn\u00e1 v\u00fdbava z\u00e1klad. Nev\u00e1hejte si proto po\u0159\u00eddit tuto skv\u011blou z\u00e1le\u017eitost, kter\u00e1 opravdu stoj\u00ed za to a d\u00edky kter\u00e9 si u\u017eijete i oby\u010dejnou j\u00edzdu na kole o sto procent v\u00edc.Z\u00edskejte v\u011bt\u0161\u00ed s\u00edluVa\u0161e chodidla budou fixov\u00e1na, proto budou logicky ve v\u011bt\u0161\u00edm bezpe\u010d\u00ed, v\u00edce chr\u00e1n\u011bn\u00e1 p\u0159ed zran\u011bn\u00edm. To ale neznamen\u00e1, \u017ee byste byli n\u011bjak\u00fdm zp\u016fsobem omezen\u00ed, to v\u016fbec ne. Pr\u00e1v\u011b naopak, v noh\u00e1ch budete m\u00edt je\u0161t\u011b v\u011bt\u0161\u00ed s\u00edlu, ne\u017e tomu bylo do te\u010f. J\u00edzda pro v\u00e1s tedy bude mnohem v\u011bt\u0161\u00ed hra\u010dkou a pot\u011b\u0161en\u00edm. U\u017e jenom to je d\u016fvod, pro\u010d byste m\u011bli do t\u00e9to speci\u00e1ln\u00ed obuvi investovat.                                                                                                                                                                                                                                                                                                                                                                                                "},{"@context":"https:\/\/schema.org\/","@type":"BreadcrumbList","itemListElement":[{"@type":"ListItem","position":1,"name":"Tretry pro cyklisty profesion\u00e1ly","item":"https:\/\/www.papko.cz\/tretry-pro-cyklisty-profesionaly\/#breadcrumbitem"}]}]