[{"@context":"https:\/\/schema.org\/","@type":"Article","@id":"https:\/\/www.papko.cz\/zodpovednost-za-novy-zivot\/#Article","mainEntityOfPage":"https:\/\/www.papko.cz\/zodpovednost-za-novy-zivot\/","headline":"Zodpovednos\u0165 za nov\u00fd \u017eivot","name":"Zodpovednos\u0165 za nov\u00fd \u017eivot","description":"Va\u0161e b\u00e1b\u00e4tko je ve\u013emi krehk\u00e9, ke\u010f je u v\u00e1s v bru\u0161ku, je e\u0161te plne chr\u00e1nen\u00e9 pred p\u00e1dom alebo n\u00e1razom. Predsa len placenta je pevn\u00fd org\u00e1n, ktor\u00fd je dobre zariaden\u00fd, aby plnil svoju funkciu. Ale akon\u00e1hle pr\u00edde na svet, mus\u00edte ho skuto\u010dne starostlivo chr\u00e1ni\u0165. Naraz je v\u0161ade okolo neho plno hluku, svetla a nezn\u00e1mych pachov. Hne\u010f [&hellip;]","datePublished":"2025-03-04","dateModified":"2025-03-04","author":{"@type":"Person","@id":"https:\/\/www.papko.cz\/author\/#Person","name":"","url":"https:\/\/www.papko.cz\/author\/","identifier":1,"image":{"@type":"ImageObject","@id":"https:\/\/secure.gravatar.com\/avatar\/f2ab007ed309e3d84abcf4139c5580b2bc94c721f9294eeb027f25de56e0a35e?s=96&d=mm&r=g","url":"https:\/\/secure.gravatar.com\/avatar\/f2ab007ed309e3d84abcf4139c5580b2bc94c721f9294eeb027f25de56e0a35e?s=96&d=mm&r=g","height":96,"width":96}},"publisher":{"@type":"Organization","name":"papko.cz","logo":{"@type":"ImageObject","@id":"\/logo.png","url":"\/logo.png","width":600,"height":60}},"url":"https:\/\/www.papko.cz\/zodpovednost-za-novy-zivot\/","wordCount":238,"articleBody":" Va\u0161e b\u00e1b\u00e4tko je ve\u013emi krehk\u00e9, ke\u010f je u v\u00e1s v bru\u0161ku, je e\u0161te plne chr\u00e1nen\u00e9 pred p\u00e1dom alebo n\u00e1razom. Predsa len placenta je pevn\u00fd org\u00e1n, ktor\u00fd je dobre zariaden\u00fd, aby plnil svoju funkciu. Ale akon\u00e1hle pr\u00edde na svet, mus\u00edte ho skuto\u010dne starostlivo chr\u00e1ni\u0165. Naraz je v\u0161ade okolo neho plno hluku, svetla a nezn\u00e1mych pachov. Hne\u010f ho ber\u00fa od mami\u010dky, aby ho zmerali, zv\u00e1\u017eili a umyli od mazu. Ch\u00fa\u010fatko kri\u010d\u00ed a h\u013ead\u00e1 svoju mami\u010dku. E\u0161te s\u00edce nem\u00e1 poriadne vyvinut\u00fd zrak, ale jeho \u010duch mu rozhodne napovie, kde ste. Sk\u00fa\u0161a sa aj prv\u00fdkr\u00e1t prisa\u0165 k bradavke, preto\u017ee u\u017e bude musie\u0165 samo jes\u0165 a pi\u0165. Zo za\u010diatku mu to nemus\u00ed moc \u00eds\u0165, ale sac\u00ed reflex u\u017e je u neho vyvinut\u00fd. Potrebuje c\u00edti\u0165 va\u0161u l\u00e1sku a teplo. Starostliv\u00e9 n\u00e1kupy D\u00fafate, \u017ee otecko sn\u00e1\u010f doma v\u0161etko pripravil a vy pr\u00eddete s va\u0161im drob\u010dekom domov a m\u00f4\u017eete ho ulo\u017ei\u0165 pohodlne do postie\u013eky. Starostlivo ste dlh\u00e9 mesiace vyberala a nakupovala v\u00fdbavi\u010dku. T\u00fdch mo\u017enost\u00ed \u010do dneska je na trhu, \u010dlovek si ko\u013ekokr\u00e1t ani nedok\u00e1\u017ee s\u00e1m vybra\u0165. Postie\u013eky, preba\u013eovacie pulty alebo aj vani\u010dky, ako m\u00e1te spozna\u0165, ktor\u00e9 s\u00fa prav\u00e9 tie pre v\u00e1s?                                                                                                                                                                                                                                                                                                                                                                                                "},{"@context":"https:\/\/schema.org\/","@type":"BreadcrumbList","itemListElement":[{"@type":"ListItem","position":1,"name":"Zodpovednos\u0165 za nov\u00fd \u017eivot","item":"https:\/\/www.papko.cz\/zodpovednost-za-novy-zivot\/#breadcrumbitem"}]}]